{"id":1074,"date":"2026-08-03T14:23:21","date_gmt":"2026-08-03T17:23:21","guid":{"rendered":"https:\/\/mojongrande.uno\/?p=1074"},"modified":"2026-08-03T15:20:45","modified_gmt":"2026-08-03T18:20:45","slug":"mojon-grande-celebro-la-quinta-fiesta-provincial-del-azucar-rubio-artesanal","status":"publish","type":"post","link":"https:\/\/mojongrande.uno\/index.php\/2026\/08\/03\/mojon-grande-celebro-la-quinta-fiesta-provincial-del-azucar-rubio-artesanal\/","title":{"rendered":"Moj\u00f3n Grande celebr\u00f3 la quinta Fiesta Provincial del Az\u00facar Rubio Artesanal"},"content":{"rendered":"<p class=\"PDq2pG_selectionAnchorContainer\" data-start=\"81\" data-end=\"114\"><strong data-start=\"81\" data-end=\"114\">AGENCIA MISIONES.UNO | <\/strong>La celebraci\u00f3n reuni\u00f3 a productores, emprendedores y autoridades en torno a la principal actividad productiva del municipio. La jornada incluy\u00f3 exposiciones, feria gastron\u00f3mica, espect\u00e1culos y muestras del proceso de elaboraci\u00f3n.<\/p>\n<p data-start=\"347\" data-end=\"540\">Moj\u00f3n Grande realiz\u00f3 el domingo la quinta edici\u00f3n de la Fiesta Provincial del Az\u00facar Rubio Artesanal, con la participaci\u00f3n de productores, emprendedores, autoridades provinciales y municipales.<\/p>\n<p data-start=\"542\" data-end=\"797\">Durante la jornada se expuso la producci\u00f3n local y se realizaron actividades culturales y gastron\u00f3micas, adem\u00e1s de muestras sobre el proceso de elaboraci\u00f3n del az\u00facar rubio artesanal. Tambi\u00e9n se entregaron elementos deportivos a instituciones municipales.<\/p>\n<p data-start=\"799\" data-end=\"1081\">El gobernador Hugo Passalacqua recorri\u00f3 los stands y mantuvo contacto con productores y emprendedores. Por su parte, el intendente Adri\u00e1n Sol\u00eds destac\u00f3 el papel de la producci\u00f3n de az\u00facar rubio en la econom\u00eda de las familias productoras y en el movimiento econ\u00f3mico de la localidad.<\/p>\n<p data-start=\"1083\" data-end=\"1264\">La actividad productiva tiene una tradici\u00f3n extendida en el municipio e incluye, adem\u00e1s del az\u00facar rubio, la elaboraci\u00f3n de rapadura, miel de ca\u00f1a, dulces, mermeladas y panificados.<\/p>\n<p data-start=\"1266\" data-end=\"1471\">Moj\u00f3n Grande fue declarado Capital Provincial del Az\u00facar Rubio Artesanal y sede permanente de la fiesta mediante la Ley Provincial VI N.\u00ba 230, sancionada en 2019 y ampliada en 2024 por la Ley VIII N.\u00ba 107.<\/p>\n<p data-start=\"1473\" data-end=\"1702\" data-is-last-node=\"\" data-is-only-node=\"\">Seg\u00fan los datos difundidos durante la celebraci\u00f3n, en 2025 la Cooperativa de Az\u00facar Rubio de Moj\u00f3n Grande acopi\u00f3 y comercializ\u00f3 13 cargas de az\u00facar, generando ingresos superiores a los $350 millones para las familias productoras.<\/p>\n","protected":false},"excerpt":{"rendered":"<p>AGENCIA MISIONES.UNO &#124; La celebraci\u00f3n reuni\u00f3 a productores, emprendedores y autoridades en torno a la principal actividad productiva del municipio. La jornada incluy\u00f3 exposiciones, feria gastron\u00f3mica, espect\u00e1culos y muestras del proceso de elaboraci\u00f3n. Moj\u00f3n Grande realiz\u00f3 el domingo la quinta edici\u00f3n de la Fiesta Provincial\u2026<\/p>\n","protected":false},"author":1,"featured_media":1085,"comment_status":"closed","ping_status":"closed","sticky":false,"template":"","format":"standard","meta":{"_acf_changed":false,"footnotes":""},"categories":[1],"tags":[],"clasificacion":[],"distribucion":[],"localidad":[154],"redes-sociales":[],"tematica":[155],"class_list":["post-1074","post","type-post","status-publish","format-standard","has-post-thumbnail","hentry","category-uncategorized","localidad-mojon-grande","tematica-cultura"],"acf":[],"distributor_meta":false,"distributor_terms":false,"distributor_media":false,"distributor_original_site_name":"Moj\u00f3n Grande .UNO - Red Misiones.uno","distributor_original_site_url":"https:\/\/mojongrande.uno","push-errors":false,"_links":{"self":[{"href":"https:\/\/mojongrande.uno\/index.php\/wp-json\/wp\/v2\/posts\/1074","targetHints":{"allow":["GET"]}}],"collection":[{"href":"https:\/\/mojongrande.uno\/index.php\/wp-json\/wp\/v2\/posts"}],"about":[{"href":"https:\/\/mojongrande.uno\/index.php\/wp-json\/wp\/v2\/types\/post"}],"author":[{"embeddable":true,"href":"https:\/\/mojongrande.uno\/index.php\/wp-json\/wp\/v2\/users\/1"}],"replies":[{"embeddable":true,"href":"https:\/\/mojongrande.uno\/index.php\/wp-json\/wp\/v2\/comments?post=1074"}],"version-history":[{"count":1,"href":"https:\/\/mojongrande.uno\/index.php\/wp-json\/wp\/v2\/posts\/1074\/revisions"}],"predecessor-version":[{"id":1086,"href":"https:\/\/mojongrande.uno\/index.php\/wp-json\/wp\/v2\/posts\/1074\/revisions\/1086"}],"wp:featuredmedia":[{"embeddable":true,"href":"https:\/\/mojongrande.uno\/index.php\/wp-json\/wp\/v2\/media\/1085"}],"wp:attachment":[{"href":"https:\/\/mojongrande.uno\/index.php\/wp-json\/wp\/v2\/media?parent=1074"}],"wp:term":[{"taxonomy":"category","embeddable":true,"href":"https:\/\/mojongrande.uno\/index.php\/wp-json\/wp\/v2\/categories?post=1074"},{"taxonomy":"post_tag","embeddable":true,"href":"https:\/\/mojongrande.uno\/index.php\/wp-json\/wp\/v2\/tags?post=1074"},{"taxonomy":"clasificacion","embeddable":true,"href":"https:\/\/mojongrande.uno\/index.php\/wp-json\/wp\/v2\/clasificacion?post=1074"},{"taxonomy":"distribucion","embeddable":true,"href":"https:\/\/mojongrande.uno\/index.php\/wp-json\/wp\/v2\/distribucion?post=1074"},{"taxonomy":"localidad","embeddable":true,"href":"https:\/\/mojongrande.uno\/index.php\/wp-json\/wp\/v2\/localidad?post=1074"},{"taxonomy":"redes-sociales","embeddable":true,"href":"https:\/\/mojongrande.uno\/index.php\/wp-json\/wp\/v2\/redes-sociales?post=1074"},{"taxonomy":"tematica","embeddable":true,"href":"https:\/\/mojongrande.uno\/index.php\/wp-json\/wp\/v2\/tematica?post=1074"}],"curies":[{"name":"wp","href":"https:\/\/api.w.org\/{rel}","templated":true}]}}