{"id":1049,"date":"2026-07-29T10:51:41","date_gmt":"2026-07-29T13:51:41","guid":{"rendered":"https:\/\/mojongrande.uno\/index.php\/2026\/07\/29\/mojon-grande-ultima-detalles-para-la-v-fiesta-provincial-del-azucar-rubio-artesanal\/"},"modified":"2026-07-29T10:51:41","modified_gmt":"2026-07-29T13:51:41","slug":"mojon-grande-ultima-detalles-para-la-v-fiesta-provincial-del-azucar-rubio-artesanal","status":"publish","type":"post","link":"https:\/\/mojongrande.uno\/index.php\/2026\/07\/29\/mojon-grande-ultima-detalles-para-la-v-fiesta-provincial-del-azucar-rubio-artesanal\/","title":{"rendered":"Moj\u00f3n Grande ultima detalles para la V Fiesta Provincial del Az\u00facar Rubio Artesanal"},"content":{"rendered":"<div class=\"qMYqUG_convSearchResultHighlightRoot\">\n<div class=\"\" data-turn-id-container=\"request-6a621b1e-5998-83e9-a3f1-736b2c0d5057-6\" data-is-intersecting=\"true\">\n<section class=\"text-token-text-primary w-full focus:outline-none has-data-writing-block:pointer-events-none [&amp;:has([data-writing-block])&gt;*]:pointer-events-auto R6Vx5W_threadScrollVars scroll-mb-[calc(var(--scroll-root-safe-area-inset-bottom,0px)+var(--thread-response-height))] scroll-mt-[calc(var(--header-height)+min(200px,max(70px,20svh)))]\" dir=\"auto\" data-turn-id=\"request-6a621b1e-5998-83e9-a3f1-736b2c0d5057-6\" data-turn-id-container=\"request-6a621b1e-5998-83e9-a3f1-736b2c0d5057-6\" data-testid=\"conversation-turn-476\" data-turn=\"assistant\">\n<div class=\"text-base my-auto mx-auto pb-8 [--thread-content-margin:var(--thread-content-margin-xs,calc(var(--spacing)*4))] @w-sm\/main:[--thread-content-margin:var(--thread-content-margin-sm,calc(var(--spacing)*6))] @w-lg\/main:[--thread-content-margin:var(--thread-content-margin-lg,calc(var(--spacing)*16))] px-(--thread-content-margin)\">\n<div class=\"[--thread-content-max-width:40rem] @w-lg\/main:[--thread-content-max-width:48rem] mx-auto max-w-(--thread-content-max-width) flex-1 group\/turn-messages focus-visible:outline-hidden relative flex w-full min-w-0 flex-col agent-turn\" data-conversation-screenshot-content=\"\">\n<div class=\"flex max-w-full flex-col gap-4 grow\">\n<div class=\"min-h-8 text-message relative flex w-full flex-col items-end gap-2 text-start break-words whitespace-normal outline-none keyboard-focused:focus-ring [.text-message+&amp;]:mt-1\" dir=\"auto\" data-message-author-role=\"assistant\" data-message-id=\"ac6e61df-0883-4478-9ee9-331f24ce980d\" data-message-model-slug=\"gpt-5-5\" data-turn-start-message=\"true\">\n<div class=\"flex w-full flex-col gap-1 empty:hidden\">\n<div class=\"markdown prose dark:prose-invert wrap-break-word w-full light markdown-new-styling\">\n<p class=\"PDq2pG_selectionAnchorContainer\" data-start=\"89\" data-end=\"425\"><strong data-start=\"89\" data-end=\"115\">AGENCIA MISIONES.UNO |<\/strong> La Municipalidad de <strong data-start=\"136\" data-end=\"152\">Moj\u00f3n Grande<\/strong> inform\u00f3 que las distintas ventas gastron\u00f3micas de la <strong data-start=\"206\" data-end=\"256\">V Fiesta Provincial del Az\u00facar Rubio Artesanal<\/strong>, que se realizar\u00e1 el <strong data-start=\"278\" data-end=\"301\">domingo 2 de agosto<\/strong>, estar\u00e1n a cargo de instituciones educativas y comisiones locales, con el objetivo de recaudar fondos para sus actividades.<\/p>\n<p data-start=\"427\" data-end=\"463\">El cronograma de propuestas incluye:<\/p>\n<ul data-start=\"465\" data-end=\"894\">\n<li data-start=\"465\" data-end=\"532\"><strong data-start=\"467\" data-end=\"486\">Venta de asados<\/strong>, a cargo de la <strong data-start=\"502\" data-end=\"531\">EFA San Pedro y San Pablo<\/strong>.<\/li>\n<li data-start=\"533\" data-end=\"635\"><strong data-start=\"535\" data-end=\"559\">Ensaladas y mandioca<\/strong>, organizada por estudiantes de <strong data-start=\"591\" data-end=\"634\">5.\u00ba a\u00f1o de la EFA San Pedro y San Pablo<\/strong>.<\/li>\n<li data-start=\"636\" data-end=\"699\"><strong data-start=\"638\" data-end=\"651\">Empanadas<\/strong>, a beneficio del <strong data-start=\"669\" data-end=\"698\">Nivel Inicial Frutillitas<\/strong>.<\/li>\n<li data-start=\"700\" data-end=\"805\"><strong data-start=\"702\" data-end=\"720\">Comidas dulces<\/strong>, a cargo de <strong data-start=\"733\" data-end=\"773\">5.\u00ba A\u00f1o del Bachillerato Com\u00fan N.\u00ba 8<\/strong>, junto a su comisi\u00f3n de padres.<\/li>\n<li data-start=\"806\" data-end=\"894\"><strong data-start=\"808\" data-end=\"828\">Cantina completa<\/strong>, organizada por la <strong data-start=\"848\" data-end=\"893\">Cooperadora Escolar de la Escuela N.\u00ba 593<\/strong>.<\/li>\n<\/ul>\n<p data-start=\"896\" data-end=\"1132\">Desde la organizaci\u00f3n informaron que quienes <strong data-start=\"941\" data-end=\"974\">almuercen en el Polideportivo<\/strong> tendr\u00e1n <strong data-start=\"983\" data-end=\"1003\">entrada gratuita<\/strong> al evento. Para el resto del p\u00fablico, el ingreso tendr\u00e1 un costo de <strong data-start=\"1072\" data-end=\"1099\">2.000 pesos por persona<\/strong> a partir de las <strong data-start=\"1116\" data-end=\"1131\">13:00 horas<\/strong>.<\/p>\n<p data-start=\"1134\" data-end=\"1429\" data-is-last-node=\"\" data-is-only-node=\"\">La fiesta tambi\u00e9n contar\u00e1 con espect\u00e1culos musicales en vivo. Entre los artistas confirmados se encuentran <strong data-start=\"1241\" data-end=\"1265\">Enzo y Los Din\u00e1micos<\/strong>, <strong data-start=\"1267\" data-end=\"1283\">F\u00e9lix Ferras<\/strong> y <strong data-start=\"1286\" data-end=\"1303\">Julio Da Rosa<\/strong>, quienes animar\u00e1n una jornada dedicada a celebrar la producci\u00f3n artesanal del az\u00facar rubio y las tradiciones de la comunidad.<\/p>\n<\/div>\n<\/div>\n<\/div>\n<\/div>\n<div class=\"z-0 flex min-h-[46px] justify-start\"><\/div>\n<div class=\"mt-3 w-full empty:hidden\">\n<div class=\"text-center\"><\/div>\n<\/div>\n<\/div>\n<div class=\"[--thread-content-max-width:40rem] @w-lg\/main:[--thread-content-max-width:48rem] mx-auto max-w-(--thread-content-max-width) flex-1\" data-conversation-screenshot-content=\"\">\n<div><\/div>\n<\/div>\n<\/div>\n<\/section>\n<\/div>\n<\/div>\n<div class=\"pointer-events-none -mt-px h-px translate-y-(--scroll-root-safe-area-inset-bottom)\" aria-hidden=\"true\"><\/div>\n","protected":false},"excerpt":{"rendered":"<p>AGENCIA MISIONES.UNO | La Municipalidad de Moj\u00f3n Grande inform\u00f3 que las distintas ventas gastron\u00f3micas de la V Fiesta Provincial del Az\u00facar Rubio Artesanal, que se realizar\u00e1 el domingo 2 de agosto, estar\u00e1n a cargo de instituciones educativas y comisiones locales, con el objetivo de recaudar fondos para sus actividades. El cronograma de propuestas incluye: Venta [&hellip;]<\/p>\n","protected":false},"author":1,"featured_media":0,"comment_status":"closed","ping_status":"closed","sticky":false,"template":"","format":"standard","meta":{"_acf_changed":false,"footnotes":""},"categories":[1],"tags":[],"clasificacion":[],"distribucion":[],"localidad":[],"redes-sociales":[],"tematica":[],"class_list":["post-1049","post","type-post","status-publish","format-standard","hentry","category-uncategorized"],"acf":[],"distributor_meta":false,"distributor_terms":false,"distributor_media":false,"distributor_original_site_name":"Moj\u00f3n Grande .UNO - Red Misiones.uno","distributor_original_site_url":"https:\/\/mojongrande.uno","push-errors":false,"_links":{"self":[{"href":"https:\/\/mojongrande.uno\/index.php\/wp-json\/wp\/v2\/posts\/1049","targetHints":{"allow":["GET"]}}],"collection":[{"href":"https:\/\/mojongrande.uno\/index.php\/wp-json\/wp\/v2\/posts"}],"about":[{"href":"https:\/\/mojongrande.uno\/index.php\/wp-json\/wp\/v2\/types\/post"}],"author":[{"embeddable":true,"href":"https:\/\/mojongrande.uno\/index.php\/wp-json\/wp\/v2\/users\/1"}],"replies":[{"embeddable":true,"href":"https:\/\/mojongrande.uno\/index.php\/wp-json\/wp\/v2\/comments?post=1049"}],"version-history":[{"count":0,"href":"https:\/\/mojongrande.uno\/index.php\/wp-json\/wp\/v2\/posts\/1049\/revisions"}],"wp:attachment":[{"href":"https:\/\/mojongrande.uno\/index.php\/wp-json\/wp\/v2\/media?parent=1049"}],"wp:term":[{"taxonomy":"category","embeddable":true,"href":"https:\/\/mojongrande.uno\/index.php\/wp-json\/wp\/v2\/categories?post=1049"},{"taxonomy":"post_tag","embeddable":true,"href":"https:\/\/mojongrande.uno\/index.php\/wp-json\/wp\/v2\/tags?post=1049"},{"taxonomy":"clasificacion","embeddable":true,"href":"https:\/\/mojongrande.uno\/index.php\/wp-json\/wp\/v2\/clasificacion?post=1049"},{"taxonomy":"distribucion","embeddable":true,"href":"https:\/\/mojongrande.uno\/index.php\/wp-json\/wp\/v2\/distribucion?post=1049"},{"taxonomy":"localidad","embeddable":true,"href":"https:\/\/mojongrande.uno\/index.php\/wp-json\/wp\/v2\/localidad?post=1049"},{"taxonomy":"redes-sociales","embeddable":true,"href":"https:\/\/mojongrande.uno\/index.php\/wp-json\/wp\/v2\/redes-sociales?post=1049"},{"taxonomy":"tematica","embeddable":true,"href":"https:\/\/mojongrande.uno\/index.php\/wp-json\/wp\/v2\/tematica?post=1049"}],"curies":[{"name":"wp","href":"https:\/\/api.w.org\/{rel}","templated":true}]}}